{"id":89719,"date":"2022-07-01T12:39:32","date_gmt":"2022-07-01T10:39:32","guid":{"rendered":"https:\/\/umoatitres.com\/cote-divoire-growth-driven-by-the-secondary-and-tertiary-sectors\/"},"modified":"2026-05-29T12:51:16","modified_gmt":"2026-05-29T10:51:16","slug":"cote-divoire-growth-driven-by-the-secondary-and-tertiary-sectors","status":"publish","type":"post","link":"https:\/\/umoatitres.com\/en\/cote-divoire-growth-driven-by-the-secondary-and-tertiary-sectors\/","title":{"rendered":"C\u00f4te d&#8217;Ivoire, growth driven by the secondary and tertiary sectors"},"content":{"rendered":"<p>In a context marked by the COVID-19 pandemic, C\u00f4te d&#8217;Ivoire&#8217;s real GDP growth rate came out at 2.0% in 2020 against 6.2% in 2019 while the global economy was in recession. This slowdown in activity comes after eight years of strong growth in which the Ivorian economy recorded an average growth of 8.0%. This performance is due to the impact of the 2011-2015 National Development Plan (NDP) and the implementation of the 2016-2020 NDP as well as structural reforms aimed at transforming the economy.<\/p>\n<p>Business is expected to benefit from the recovery of the global economy and the lifting of restrictions imposed in the fight against COVID-19 to grow by 6.5% in 2021 before reaching nearly 7.0% in 2022.<\/p>\n<h4>Secondary and tertiary sectors: drivers of Ivorian economic growth<\/h4>\n<p>With a contribution of nearly 45.0% to the formation of the Gross Domestic Product (GDP), the tertiary sector is the engine of growth of the Ivorian economy. Due to the COVID-19 pandemic, the contribution of the tertiary sector to GDP growth declined in 2020 to +0.9 percentage points after +2.4 percentage points a year earlier. The contribution of this sector to growth should increase to 3.1 points in 2021 and should reach 3.2 points in 2022 in view of a gradual recovery of activity supported by the implementation of the economic support plan drawn up by the government.<\/p>\n<p>As a result of the implementation of structural reforms aimed at transforming the Ivorian economy, the contribution of the secondary sector to the formation of GDP has increased over the past five years. The value added of the secondary sector rose from CFAF 5,427.5 billion in 2016 to CFAF 7,099.1 billion in 2020, an increase of 30.8%.<\/p>\n<p>Thus, the contribution of this sector to the formation of the GDP is 20.2% in 2020against 19.1% five years earlier. It would be 20.5% and 20.6% respectively in 2021 and 2022, higher than that of the primary sector.<\/p>\n<h4>C\u00f4te d&#8217;Ivoire&#8217;s economic outlook for the 2021-2025 period<\/h4>\n<p>The 2021-2025 National Development Plan, which is currently being prepared, aims to remove the remaining obstacles to the structural economic transformation initiated by the implementation of the previous development plan and to make C\u00f4te d&amp;#39;Ivoire an upper-middle-income country.<br \/>\nThus, in addition to drawing on international and regional development priorities, including the Sustainable Development Goals and the African Union&#8217;s Vision 2063, the 2021-2025 NDP also draws on the 2040 long-term development vision and the 2030 strategy of C\u00f4te d&#8217;Ivoire derived from prospective studies in Ivorian countries. The authorities; objective is to classify C\u00f4te d&#8217;Ivoire as an upper-middle income country. As a result, per capita income should reach USD 2 240 in 2025, double the level in 2020 and reach USD 3 400 by 2030.<\/p>\n<p>For a more complete view of the C\u00f4te d\u2019Ivoire economy and investment prospects, download C\u00f4te d&#8217;Ivoire\u2019s information note available <a href=\"https:\/\/www.marchedestitrespublics.com\/information-note-2021-0\" target=\"_blank\" rel=\"noopener\">here<\/a>.<\/p>\n<p><br \/>\nSource : C\u00f4te d&#8217;Ivoire\u2019s Information Note &#8211; August 2021.<\/p>\n<p>&nbsp;<\/p>\n<!-- \/wp:post-content -->","protected":false},"excerpt":{"rendered":"<p>In a context marked by the COVID-19 pandemic, C\u00f4te d&#8217;Ivoire&#8217;s real GDP growth rate came out at 2.0% in 2020 against 6.2% in 2019 while the global economy was in recession. This slowdown in activity comes after eight years of strong growth in which the Ivorian economy recorded an average growth of 8.0%. This performance [&hellip;]<\/p>\n","protected":false},"author":4,"featured_media":86954,"comment_status":"closed","ping_status":"closed","sticky":false,"template":"","format":"standard","meta":{"_acf_changed":false,"footnotes":""},"categories":[],"tags":[],"class_list":["post-89719","post","type-post","status-publish","format-standard","has-post-thumbnail","hentry"],"acf":[],"yoast_head":"<!-- This site is optimized with the Yoast SEO plugin v28.2 - https:\/\/yoast.com\/product\/yoast-seo-wordpress\/ -->\n<title>C\u00f4te d&#039;Ivoire, growth driven by the secondary and tertiary sectors | UMOA-Titres<\/title>\n<meta name=\"robots\" content=\"noindex, follow, max-snippet:-1, max-image-preview:large, max-video-preview:-1\" \/>\n<meta property=\"og:locale\" content=\"en_US\" \/>\n<meta property=\"og:type\" content=\"article\" \/>\n<meta property=\"og:title\" content=\"C\u00f4te d&#039;Ivoire, growth driven by the secondary and tertiary sectors | UMOA-Titres\" \/>\n<meta property=\"og:description\" content=\"In a context marked by the COVID-19 pandemic, C\u00f4te d&#8217;Ivoire&#8217;s real GDP growth rate came out at 2.0% in 2020 against 6.2% in 2019 while the global economy was in recession. This slowdown in activity comes after eight years of strong growth in which the Ivorian economy recorded an average growth of 8.0%. This performance [&hellip;]\" \/>\n<meta property=\"og:url\" content=\"https:\/\/umoatitres.com\/en\/cote-divoire-growth-driven-by-the-secondary-and-tertiary-sectors\/\" \/>\n<meta property=\"og:site_name\" content=\"UMOA-Titres\" \/>\n<meta property=\"article:published_time\" content=\"2022-07-01T10:39:32+00:00\" \/>\n<meta property=\"article:modified_time\" content=\"2026-05-29T10:51:16+00:00\" \/>\n<meta property=\"og:image\" content=\"https:\/\/umoatitres.com\/wp-content\/uploads\/2026\/05\/AdobeStock_342425532-scaled-2.jpeg\" \/>\n\t<meta property=\"og:image:width\" content=\"2560\" \/>\n\t<meta property=\"og:image:height\" content=\"1700\" \/>\n\t<meta property=\"og:image:type\" content=\"image\/jpeg\" \/>\n<meta name=\"author\" content=\"agenceumoatitres\" \/>\n<meta name=\"twitter:card\" content=\"summary_large_image\" \/>\n<meta name=\"twitter:label1\" content=\"Written by\" \/>\n\t<meta name=\"twitter:data1\" content=\"agenceumoatitres\" \/>\n\t<meta name=\"twitter:label2\" content=\"Est. reading time\" \/>\n\t<meta name=\"twitter:data2\" content=\"3 minutes\" \/>\n<script type=\"application\/ld+json\" class=\"yoast-schema-graph\">{\"@context\":\"https:\\\/\\\/schema.org\",\"@graph\":[{\"@type\":\"Article\",\"@id\":\"https:\\\/\\\/umoatitres.com\\\/en\\\/cote-divoire-growth-driven-by-the-secondary-and-tertiary-sectors\\\/#article\",\"isPartOf\":{\"@id\":\"https:\\\/\\\/umoatitres.com\\\/en\\\/cote-divoire-growth-driven-by-the-secondary-and-tertiary-sectors\\\/\"},\"author\":{\"name\":\"agenceumoatitres\",\"@id\":\"https:\\\/\\\/umoatitres.com\\\/en\\\/#\\\/schema\\\/person\\\/a44216be6e958e44c0855e14f004458c\"},\"headline\":\"C\u00f4te d&#8217;Ivoire, growth driven by the secondary and tertiary sectors\",\"datePublished\":\"2022-07-01T10:39:32+00:00\",\"dateModified\":\"2026-05-29T10:51:16+00:00\",\"mainEntityOfPage\":{\"@id\":\"https:\\\/\\\/umoatitres.com\\\/en\\\/cote-divoire-growth-driven-by-the-secondary-and-tertiary-sectors\\\/\"},\"wordCount\":476,\"publisher\":{\"@id\":\"https:\\\/\\\/umoatitres.com\\\/en\\\/#organization\"},\"image\":{\"@id\":\"https:\\\/\\\/umoatitres.com\\\/en\\\/cote-divoire-growth-driven-by-the-secondary-and-tertiary-sectors\\\/#primaryimage\"},\"thumbnailUrl\":\"https:\\\/\\\/umoatitres.com\\\/wp-content\\\/uploads\\\/2026\\\/05\\\/AdobeStock_342425532-scaled-2.jpeg\",\"inLanguage\":\"en-US\"},{\"@type\":\"WebPage\",\"@id\":\"https:\\\/\\\/umoatitres.com\\\/en\\\/cote-divoire-growth-driven-by-the-secondary-and-tertiary-sectors\\\/\",\"url\":\"https:\\\/\\\/umoatitres.com\\\/en\\\/cote-divoire-growth-driven-by-the-secondary-and-tertiary-sectors\\\/\",\"name\":\"C\u00f4te d'Ivoire, growth driven by the secondary and tertiary sectors | UMOA-Titres\",\"isPartOf\":{\"@id\":\"https:\\\/\\\/umoatitres.com\\\/en\\\/#website\"},\"primaryImageOfPage\":{\"@id\":\"https:\\\/\\\/umoatitres.com\\\/en\\\/cote-divoire-growth-driven-by-the-secondary-and-tertiary-sectors\\\/#primaryimage\"},\"image\":{\"@id\":\"https:\\\/\\\/umoatitres.com\\\/en\\\/cote-divoire-growth-driven-by-the-secondary-and-tertiary-sectors\\\/#primaryimage\"},\"thumbnailUrl\":\"https:\\\/\\\/umoatitres.com\\\/wp-content\\\/uploads\\\/2026\\\/05\\\/AdobeStock_342425532-scaled-2.jpeg\",\"datePublished\":\"2022-07-01T10:39:32+00:00\",\"dateModified\":\"2026-05-29T10:51:16+00:00\",\"breadcrumb\":{\"@id\":\"https:\\\/\\\/umoatitres.com\\\/en\\\/cote-divoire-growth-driven-by-the-secondary-and-tertiary-sectors\\\/#breadcrumb\"},\"inLanguage\":\"en-US\",\"potentialAction\":[{\"@type\":\"ReadAction\",\"target\":[\"https:\\\/\\\/umoatitres.com\\\/en\\\/cote-divoire-growth-driven-by-the-secondary-and-tertiary-sectors\\\/\"]}]},{\"@type\":\"ImageObject\",\"inLanguage\":\"en-US\",\"@id\":\"https:\\\/\\\/umoatitres.com\\\/en\\\/cote-divoire-growth-driven-by-the-secondary-and-tertiary-sectors\\\/#primaryimage\",\"url\":\"https:\\\/\\\/umoatitres.com\\\/wp-content\\\/uploads\\\/2026\\\/05\\\/AdobeStock_342425532-scaled-2.jpeg\",\"contentUrl\":\"https:\\\/\\\/umoatitres.com\\\/wp-content\\\/uploads\\\/2026\\\/05\\\/AdobeStock_342425532-scaled-2.jpeg\",\"width\":2560,\"height\":1700},{\"@type\":\"BreadcrumbList\",\"@id\":\"https:\\\/\\\/umoatitres.com\\\/en\\\/cote-divoire-growth-driven-by-the-secondary-and-tertiary-sectors\\\/#breadcrumb\",\"itemListElement\":[{\"@type\":\"ListItem\",\"position\":1,\"name\":\"Accueil\",\"item\":\"https:\\\/\\\/umoatitres.com\\\/en\\\/\"},{\"@type\":\"ListItem\",\"position\":2,\"name\":\"C\u00f4te d&rsquo;Ivoire, growth driven by the secondary and tertiary sectors\"}]},{\"@type\":\"WebSite\",\"@id\":\"https:\\\/\\\/umoatitres.com\\\/en\\\/#website\",\"url\":\"https:\\\/\\\/umoatitres.com\\\/en\\\/\",\"name\":\"UMOA-Titres\",\"description\":\"UMOA-Titres - Agence r\u00e9gionale d&#039;appui \u00e0 l&#039;\u00e9mission et \u00e0 la gestion des titres publics dans l&#039;UMOA\",\"publisher\":{\"@id\":\"https:\\\/\\\/umoatitres.com\\\/en\\\/#organization\"},\"potentialAction\":[{\"@type\":\"SearchAction\",\"target\":{\"@type\":\"EntryPoint\",\"urlTemplate\":\"https:\\\/\\\/umoatitres.com\\\/en\\\/?s={search_term_string}\"},\"query-input\":{\"@type\":\"PropertyValueSpecification\",\"valueRequired\":true,\"valueName\":\"search_term_string\"}}],\"inLanguage\":\"en-US\"},{\"@type\":\"Organization\",\"@id\":\"https:\\\/\\\/umoatitres.com\\\/en\\\/#organization\",\"name\":\"UMOA-Titres\",\"url\":\"https:\\\/\\\/umoatitres.com\\\/en\\\/\",\"logo\":{\"@type\":\"ImageObject\",\"inLanguage\":\"en-US\",\"@id\":\"https:\\\/\\\/umoatitres.com\\\/en\\\/#\\\/schema\\\/logo\\\/image\\\/\",\"url\":\"https:\\\/\\\/umoatitres.com\\\/wp-content\\\/uploads\\\/2025\\\/10\\\/cropped-UMOA-Titre.png\",\"contentUrl\":\"https:\\\/\\\/umoatitres.com\\\/wp-content\\\/uploads\\\/2025\\\/10\\\/cropped-UMOA-Titre.png\",\"width\":623,\"height\":183,\"caption\":\"UMOA-Titres\"},\"image\":{\"@id\":\"https:\\\/\\\/umoatitres.com\\\/en\\\/#\\\/schema\\\/logo\\\/image\\\/\"}},{\"@type\":\"Person\",\"@id\":\"https:\\\/\\\/umoatitres.com\\\/en\\\/#\\\/schema\\\/person\\\/a44216be6e958e44c0855e14f004458c\",\"name\":\"agenceumoatitres\",\"url\":\"https:\\\/\\\/umoatitres.com\\\/en\\\/author\\\/umoatitres-2\\\/\"}]}<\/script>\n<!-- \/ Yoast SEO plugin. -->","yoast_head_json":{"title":"C\u00f4te d'Ivoire, growth driven by the secondary and tertiary sectors | UMOA-Titres","robots":{"index":"noindex","follow":"follow","max-snippet":"max-snippet:-1","max-image-preview":"max-image-preview:large","max-video-preview":"max-video-preview:-1"},"og_locale":"en_US","og_type":"article","og_title":"C\u00f4te d'Ivoire, growth driven by the secondary and tertiary sectors | UMOA-Titres","og_description":"In a context marked by the COVID-19 pandemic, C\u00f4te d&#8217;Ivoire&#8217;s real GDP growth rate came out at 2.0% in 2020 against 6.2% in 2019 while the global economy was in recession. This slowdown in activity comes after eight years of strong growth in which the Ivorian economy recorded an average growth of 8.0%. This performance [&hellip;]","og_url":"https:\/\/umoatitres.com\/en\/cote-divoire-growth-driven-by-the-secondary-and-tertiary-sectors\/","og_site_name":"UMOA-Titres","article_published_time":"2022-07-01T10:39:32+00:00","article_modified_time":"2026-05-29T10:51:16+00:00","og_image":[{"width":2560,"height":1700,"url":"https:\/\/umoatitres.com\/wp-content\/uploads\/2026\/05\/AdobeStock_342425532-scaled-2.jpeg","type":"image\/jpeg"}],"author":"agenceumoatitres","twitter_card":"summary_large_image","twitter_misc":{"Written by":"agenceumoatitres","Est. reading time":"3 minutes"},"schema":{"@context":"https:\/\/schema.org","@graph":[{"@type":"Article","@id":"https:\/\/umoatitres.com\/en\/cote-divoire-growth-driven-by-the-secondary-and-tertiary-sectors\/#article","isPartOf":{"@id":"https:\/\/umoatitres.com\/en\/cote-divoire-growth-driven-by-the-secondary-and-tertiary-sectors\/"},"author":{"name":"agenceumoatitres","@id":"https:\/\/umoatitres.com\/en\/#\/schema\/person\/a44216be6e958e44c0855e14f004458c"},"headline":"C\u00f4te d&#8217;Ivoire, growth driven by the secondary and tertiary sectors","datePublished":"2022-07-01T10:39:32+00:00","dateModified":"2026-05-29T10:51:16+00:00","mainEntityOfPage":{"@id":"https:\/\/umoatitres.com\/en\/cote-divoire-growth-driven-by-the-secondary-and-tertiary-sectors\/"},"wordCount":476,"publisher":{"@id":"https:\/\/umoatitres.com\/en\/#organization"},"image":{"@id":"https:\/\/umoatitres.com\/en\/cote-divoire-growth-driven-by-the-secondary-and-tertiary-sectors\/#primaryimage"},"thumbnailUrl":"https:\/\/umoatitres.com\/wp-content\/uploads\/2026\/05\/AdobeStock_342425532-scaled-2.jpeg","inLanguage":"en-US"},{"@type":"WebPage","@id":"https:\/\/umoatitres.com\/en\/cote-divoire-growth-driven-by-the-secondary-and-tertiary-sectors\/","url":"https:\/\/umoatitres.com\/en\/cote-divoire-growth-driven-by-the-secondary-and-tertiary-sectors\/","name":"C\u00f4te d'Ivoire, growth driven by the secondary and tertiary sectors | UMOA-Titres","isPartOf":{"@id":"https:\/\/umoatitres.com\/en\/#website"},"primaryImageOfPage":{"@id":"https:\/\/umoatitres.com\/en\/cote-divoire-growth-driven-by-the-secondary-and-tertiary-sectors\/#primaryimage"},"image":{"@id":"https:\/\/umoatitres.com\/en\/cote-divoire-growth-driven-by-the-secondary-and-tertiary-sectors\/#primaryimage"},"thumbnailUrl":"https:\/\/umoatitres.com\/wp-content\/uploads\/2026\/05\/AdobeStock_342425532-scaled-2.jpeg","datePublished":"2022-07-01T10:39:32+00:00","dateModified":"2026-05-29T10:51:16+00:00","breadcrumb":{"@id":"https:\/\/umoatitres.com\/en\/cote-divoire-growth-driven-by-the-secondary-and-tertiary-sectors\/#breadcrumb"},"inLanguage":"en-US","potentialAction":[{"@type":"ReadAction","target":["https:\/\/umoatitres.com\/en\/cote-divoire-growth-driven-by-the-secondary-and-tertiary-sectors\/"]}]},{"@type":"ImageObject","inLanguage":"en-US","@id":"https:\/\/umoatitres.com\/en\/cote-divoire-growth-driven-by-the-secondary-and-tertiary-sectors\/#primaryimage","url":"https:\/\/umoatitres.com\/wp-content\/uploads\/2026\/05\/AdobeStock_342425532-scaled-2.jpeg","contentUrl":"https:\/\/umoatitres.com\/wp-content\/uploads\/2026\/05\/AdobeStock_342425532-scaled-2.jpeg","width":2560,"height":1700},{"@type":"BreadcrumbList","@id":"https:\/\/umoatitres.com\/en\/cote-divoire-growth-driven-by-the-secondary-and-tertiary-sectors\/#breadcrumb","itemListElement":[{"@type":"ListItem","position":1,"name":"Accueil","item":"https:\/\/umoatitres.com\/en\/"},{"@type":"ListItem","position":2,"name":"C\u00f4te d&rsquo;Ivoire, growth driven by the secondary and tertiary sectors"}]},{"@type":"WebSite","@id":"https:\/\/umoatitres.com\/en\/#website","url":"https:\/\/umoatitres.com\/en\/","name":"UMOA-Titres","description":"UMOA-Titres - Agence r\u00e9gionale d&#039;appui \u00e0 l&#039;\u00e9mission et \u00e0 la gestion des titres publics dans l&#039;UMOA","publisher":{"@id":"https:\/\/umoatitres.com\/en\/#organization"},"potentialAction":[{"@type":"SearchAction","target":{"@type":"EntryPoint","urlTemplate":"https:\/\/umoatitres.com\/en\/?s={search_term_string}"},"query-input":{"@type":"PropertyValueSpecification","valueRequired":true,"valueName":"search_term_string"}}],"inLanguage":"en-US"},{"@type":"Organization","@id":"https:\/\/umoatitres.com\/en\/#organization","name":"UMOA-Titres","url":"https:\/\/umoatitres.com\/en\/","logo":{"@type":"ImageObject","inLanguage":"en-US","@id":"https:\/\/umoatitres.com\/en\/#\/schema\/logo\/image\/","url":"https:\/\/umoatitres.com\/wp-content\/uploads\/2025\/10\/cropped-UMOA-Titre.png","contentUrl":"https:\/\/umoatitres.com\/wp-content\/uploads\/2025\/10\/cropped-UMOA-Titre.png","width":623,"height":183,"caption":"UMOA-Titres"},"image":{"@id":"https:\/\/umoatitres.com\/en\/#\/schema\/logo\/image\/"}},{"@type":"Person","@id":"https:\/\/umoatitres.com\/en\/#\/schema\/person\/a44216be6e958e44c0855e14f004458c","name":"agenceumoatitres","url":"https:\/\/umoatitres.com\/en\/author\/umoatitres-2\/"}]}},"_links":{"self":[{"href":"https:\/\/umoatitres.com\/en\/wp-json\/wp\/v2\/posts\/89719","targetHints":{"allow":["GET"]}}],"collection":[{"href":"https:\/\/umoatitres.com\/en\/wp-json\/wp\/v2\/posts"}],"about":[{"href":"https:\/\/umoatitres.com\/en\/wp-json\/wp\/v2\/types\/post"}],"author":[{"embeddable":true,"href":"https:\/\/umoatitres.com\/en\/wp-json\/wp\/v2\/users\/4"}],"replies":[{"embeddable":true,"href":"https:\/\/umoatitres.com\/en\/wp-json\/wp\/v2\/comments?post=89719"}],"version-history":[{"count":0,"href":"https:\/\/umoatitres.com\/en\/wp-json\/wp\/v2\/posts\/89719\/revisions"}],"wp:featuredmedia":[{"embeddable":true,"href":"https:\/\/umoatitres.com\/en\/wp-json\/wp\/v2\/media\/86954"}],"wp:attachment":[{"href":"https:\/\/umoatitres.com\/en\/wp-json\/wp\/v2\/media?parent=89719"}],"wp:term":[{"taxonomy":"category","embeddable":true,"href":"https:\/\/umoatitres.com\/en\/wp-json\/wp\/v2\/categories?post=89719"},{"taxonomy":"post_tag","embeddable":true,"href":"https:\/\/umoatitres.com\/en\/wp-json\/wp\/v2\/tags?post=89719"}],"curies":[{"name":"wp","href":"https:\/\/api.w.org\/{rel}","templated":true}]}}